{"id":1933,"date":"2021-11-13T18:34:00","date_gmt":"2021-11-13T18:34:00","guid":{"rendered":"https:\/\/www.haus-am-muehlebach.de\/?p=1933"},"modified":"2021-12-13T19:11:43","modified_gmt":"2021-12-13T19:11:43","slug":"herzenssache","status":"publish","type":"post","link":"https:\/\/www.haus-am-muehlebach.de\/index.php\/2021\/11\/13\/herzenssache\/","title":{"rendered":"Bunter Herzenssache-Bus f\u00fcr die M\u00e4dchentanzwerkstatt \u201eFair und Cool\u201c"},"content":{"rendered":"\t\t<div data-elementor-type=\"wp-post\" data-elementor-id=\"1933\" class=\"elementor elementor-1933\" data-elementor-post-type=\"post\">\n\t\t\t\t\t\t<section class=\"elementor-section elementor-top-section elementor-element elementor-element-872b3bd elementor-section-boxed elementor-section-height-default elementor-section-height-default\" data-id=\"872b3bd\" data-element_type=\"section\">\n\t\t\t\t\t\t<div class=\"elementor-container elementor-column-gap-default\">\n\t\t\t\t\t<div class=\"elementor-column elementor-col-100 elementor-top-column elementor-element elementor-element-8b7f9f1\" data-id=\"8b7f9f1\" data-element_type=\"column\">\n\t\t\t<div class=\"elementor-widget-wrap elementor-element-populated\">\n\t\t\t\t\t\t<div class=\"elementor-element elementor-element-dce3cfa elementor-widget elementor-widget-text-editor\" data-id=\"dce3cfa\" data-element_type=\"widget\" data-widget_type=\"text-editor.default\">\n\t\t\t\t<div class=\"elementor-widget-container\">\n\t\t\t\t\t\t\t\t\t<p><\/p>\n<p><b><span data-contrast=\"auto\">\u201eWir tanzen\u00a0f\u00fcr eine Welt frei von Unterdr\u00fcckung, frei von sexueller Gewalt, frei von jeglicher Gewalt!\u201c mit\u00a0dem\u00a0Projekt\u00a0der M\u00e4dchentanzwerkstatt vom SBBZ Haus am M\u00fchlebach.<\/span><\/b><span data-ccp-props=\"{&quot;201341983&quot;:0,&quot;335559739&quot;:200,&quot;335559740&quot;:240}\">\u00a0<\/span><\/p>\n<p><span data-contrast=\"auto\">Mit dem Projekt \u201eWir sind stark\u201c, dass sich in das Projekt \u201eFair und Cool\u201c weiterentwickelt hat, ist die \u201eM\u00e4dchentanzwerkstatt\u201c von SBBZ Haus am M\u00fchlebach im Landkreis Konstanz \u2013 und dar\u00fcber hinaus \u2013 unterwegs. Auf allerlei B\u00fchnen, zu unterschiedlichsten Veranstaltungen, in diversen Einrichtungen und bei Flashmobs sowie politischen Anl\u00e4ssen (z.B. Weltfrauentag, Stuttgarter Landtag) tanzen die M\u00e4dchen einstudierte T\u00e4nze, die im Rahmen traumap\u00e4dagogischer Arbeit mit den Sch\u00fclerinnen vom SBBZ Haus am M\u00fchlebach, entwickelt wurden. Die M\u00e4dchentanzwerkstatt mit ihrem Projekt \u201eFair und Cool\u201c ist mit der hier in der Region mit der aktiven Frauenbewegung verkn\u00fcpft und verfolgt das Ziel dieses Netzwerk noch weiter auszubauen und die dort verankerte mobile Jugendarbeit mit einzubeziehen.<\/span><span data-ccp-props=\"{&quot;201341983&quot;:0,&quot;335559739&quot;:200,&quot;335559740&quot;:276}\">\u00a0<\/span><\/p>\n<p><span data-contrast=\"none\">Die M\u00e4dchentanzwerkstatt wird\u00a0eingeladen um\u00a0mit\u00a0dem\u00a0aktuellen\u00a0Projekt \u201eFair und Cool\u201c, einer\u00a0Tanzperformance, ein Zeichen zu setzen.\u00a0Die M\u00e4dchen\u00a0ben\u00f6tigen spezielle, auf\u00a0ihre\u00a0Situation und Handicap zugeschnittene L\u00f6sungs- und\u00a0Resilienzstrategien\u00a0und um\u00a0dies zu erreichen,\u00a0wurde zu den Themen Gewaltpr\u00e4vention, Umgang mit Sexualit\u00e4t\/sexuellen \u00dcbergriffen, Mobbing und Teambildung in speziellen\u00a0Gruppen gearbeitet &#8211; von erfahrenen ErzieherInnen geleitet, unterst\u00fctzt von externen TherapeutInnen.<\/span><span data-ccp-props=\"{&quot;201341983&quot;:0,&quot;335559739&quot;:0,&quot;335559740&quot;:240,&quot;469777462&quot;:[916,1832,2748,3664,4580,5496,6412,7328,8244,9160,10076,10992,11908,12824,13740,14656],&quot;469777927&quot;:[0,0,0,0,0,0,0,0,0,0,0,0,0,0,0,0],&quot;469777928&quot;:[1,1,1,1,1,1,1,1,1,1,1,1,1,1,1,1]}\">\u00a0<\/span><\/p>\n<p><span data-contrast=\"none\">Im Zuge dieses Projekts wurde wiederholt der F\u00f6rderantrag f\u00fcr\u00a0den Herzenssache-Bus\u00a0\u2013\u00a0<\/span><span data-contrast=\"none\">f\u00fcr\u00a0die\u00a0<\/span><span data-contrast=\"none\">Mobilit\u00e4t\u00a0der\u00a0M\u00e4dchen mit\u00a0Einschr\u00e4nkungen\u00a0\u2013\u00a0eingereicht\u00a0und es war schnell klar, dass die M\u00e4dchentanzwerkstatt in der engsten Auswahl war.\u00a0<\/span><span data-ccp-props=\"{&quot;201341983&quot;:0,&quot;335559739&quot;:0,&quot;335559740&quot;:240,&quot;469777462&quot;:[916,1832,2748,3664,4580,5496,6412,7328,8244,9160,10076,10992,11908,12824,13740,14656],&quot;469777927&quot;:[0,0,0,0,0,0,0,0,0,0,0,0,0,0,0,0],&quot;469777928&quot;:[1,1,1,1,1,1,1,1,1,1,1,1,1,1,1,1]}\">\u00a0<\/span><\/p>\n<p><span data-contrast=\"none\">Am 10. November kam\u00a0dann\u00a0ein Kamerateam vom SWR in\u00a0das\u00a0Tanztraining\u00a0der M\u00e4dchen\u00a0nach M\u00fchlhauen-Ehingen und am 20. November waren zwei der M\u00e4dchen zusammen mit der Schul- und Internatsleitung live dabei in der Sendung \u201eSchlagerspa\u00df mit Andy Borg\u201c.\u00a0Durch den Abend f\u00fchrte\u00a0Andy Borg\u00a0und begr\u00fc\u00dfte in seiner Show viele Prominente wie\u00a0Semino\u00a0Rossi, Vincent\u00a0Gross, Emilija\u00a0Wellrock, Anita und Alexandra Hofmann sowie\u00a0viele engagierte Menschen aus dem S\u00fcdwesten<\/span><span data-contrast=\"none\">.<\/span><span data-contrast=\"none\">\u00a0Der Filmausschnitt der \u00fcberraschenden \u00dcbergabe des\u00a0Herzenssache-Bus\u00a0an\u00a0die M\u00e4dchentanzwerkstatt\u00a0wurde in der Sendung gezeigt!\u00a0<\/span><span data-ccp-props=\"{&quot;201341983&quot;:0,&quot;335559739&quot;:0,&quot;335559740&quot;:240,&quot;469777462&quot;:[916,1832,2748,3664,4580,5496,6412,7328,8244,9160,10076,10992,11908,12824,13740,14656],&quot;469777927&quot;:[0,0,0,0,0,0,0,0,0,0,0,0,0,0,0,0],&quot;469777928&quot;:[1,1,1,1,1,1,1,1,1,1,1,1,1,1,1,1]}\">\u00a0<\/span><\/p>\n<p><span data-contrast=\"none\">Herzlichen Dank\u00a0im Namen aller Kinder und Jugendlichen vom Haus am M\u00fchlebach,\u00a0an den Herzenssache e.V. und\u00a0an\u00a0alle Menschen, die diese wundervolle Sache mit Ihren Spenden unterst\u00fctzen!<\/span><span data-ccp-props=\"{&quot;201341983&quot;:0,&quot;335559739&quot;:0,&quot;335559740&quot;:240,&quot;469777462&quot;:[916,1832,2748,3664,4580,5496,6412,7328,8244,9160,10076,10992,11908,12824,13740,14656],&quot;469777927&quot;:[0,0,0,0,0,0,0,0,0,0,0,0,0,0,0,0],&quot;469777928&quot;:[1,1,1,1,1,1,1,1,1,1,1,1,1,1,1,1]}\">\u00a0<\/span><\/p>\n<p><span data-contrast=\"none\">Einen Ausschnitt der Sendung sehen Sie auf:<\/span><b><span data-contrast=\"none\">\u00a0<\/span><\/b><a href=\"http:\/\/www.facebook.com\/hausammuehlebach\"><b><span data-contrast=\"auto\">www.facebook.com\/hausammuehlebach<\/span><\/b><\/a><\/p>\t\t\t\t\t\t\t\t<\/div>\n\t\t\t\t<\/div>\n\t\t\t\t<div class=\"elementor-element elementor-element-525b70e elementor-widget elementor-widget-gallery\" data-id=\"525b70e\" data-element_type=\"widget\" data-settings=\"{&quot;ideal_row_height&quot;:{&quot;unit&quot;:&quot;px&quot;,&quot;size&quot;:240,&quot;sizes&quot;:[]},&quot;gallery_layout&quot;:&quot;justified&quot;,&quot;lazyload&quot;:&quot;yes&quot;,&quot;ideal_row_height_tablet&quot;:{&quot;unit&quot;:&quot;px&quot;,&quot;size&quot;:150,&quot;sizes&quot;:[]},&quot;ideal_row_height_mobile&quot;:{&quot;unit&quot;:&quot;px&quot;,&quot;size&quot;:150,&quot;sizes&quot;:[]},&quot;gap&quot;:{&quot;unit&quot;:&quot;px&quot;,&quot;size&quot;:10,&quot;sizes&quot;:[]},&quot;gap_tablet&quot;:{&quot;unit&quot;:&quot;px&quot;,&quot;size&quot;:10,&quot;sizes&quot;:[]},&quot;gap_mobile&quot;:{&quot;unit&quot;:&quot;px&quot;,&quot;size&quot;:10,&quot;sizes&quot;:[]},&quot;link_to&quot;:&quot;file&quot;,&quot;content_hover_animation&quot;:&quot;fade-in&quot;}\" data-widget_type=\"gallery.default\">\n\t\t\t\t<div class=\"elementor-widget-container\">\n\t\t\t\t\t\t\t<div class=\"elementor-gallery__container\">\n\t\t\t\t\t\t\t<a class=\"e-gallery-item elementor-gallery-item elementor-animated-content\" href=\"https:\/\/www.haus-am-muehlebach.de\/wp-content\/uploads\/2021\/11\/DSC_0061_kl.jpg\" data-elementor-open-lightbox=\"yes\" data-elementor-lightbox-slideshow=\"525b70e\" data-elementor-lightbox-title=\"DSC_0061_kl\" data-e-action-hash=\"#elementor-action%3Aaction%3Dlightbox%26settings%3DeyJpZCI6MTkxMCwidXJsIjoiaHR0cHM6XC9cL3d3dy5oYXVzLWFtLW11ZWhsZWJhY2guZGVcL3dwLWNvbnRlbnRcL3VwbG9hZHNcLzIwMjFcLzExXC9EU0NfMDA2MV9rbC5qcGciLCJzbGlkZXNob3ciOiI1MjViNzBlIn0%3D\">\n\t\t\t\t\t<div class=\"e-gallery-image elementor-gallery-item__image\" data-thumbnail=\"https:\/\/www.haus-am-muehlebach.de\/wp-content\/uploads\/2021\/11\/DSC_0061_kl.jpg\" data-width=\"886\" data-height=\"505\" aria-label=\"\" role=\"img\" ><\/div>\n\t\t\t\t\t\t\t\t\t\t\t\t\t\t<\/a>\n\t\t\t\t\t\t\t<a class=\"e-gallery-item elementor-gallery-item elementor-animated-content\" href=\"https:\/\/www.haus-am-muehlebach.de\/wp-content\/uploads\/2021\/11\/DSC_0009.jpg\" data-elementor-open-lightbox=\"yes\" data-elementor-lightbox-slideshow=\"525b70e\" data-elementor-lightbox-title=\"DSC_0009\" data-e-action-hash=\"#elementor-action%3Aaction%3Dlightbox%26settings%3DeyJpZCI6MTkyMSwidXJsIjoiaHR0cHM6XC9cL3d3dy5oYXVzLWFtLW11ZWhsZWJhY2guZGVcL3dwLWNvbnRlbnRcL3VwbG9hZHNcLzIwMjFcLzExXC9EU0NfMDAwOS5qcGciLCJzbGlkZXNob3ciOiI1MjViNzBlIn0%3D\">\n\t\t\t\t\t<div class=\"e-gallery-image elementor-gallery-item__image\" data-thumbnail=\"https:\/\/www.haus-am-muehlebach.de\/wp-content\/uploads\/2021\/11\/DSC_0009.jpg\" data-width=\"886\" data-height=\"602\" aria-label=\"\" role=\"img\" ><\/div>\n\t\t\t\t\t\t\t\t\t\t\t\t\t\t<\/a>\n\t\t\t\t\t\t\t<a class=\"e-gallery-item elementor-gallery-item elementor-animated-content\" href=\"https:\/\/www.haus-am-muehlebach.de\/wp-content\/uploads\/2021\/12\/DSC_0029.jpg\" data-elementor-open-lightbox=\"yes\" data-elementor-lightbox-slideshow=\"525b70e\" data-elementor-lightbox-title=\"DSC_0029\" data-e-action-hash=\"#elementor-action%3Aaction%3Dlightbox%26settings%3DeyJpZCI6MTkzNiwidXJsIjoiaHR0cHM6XC9cL3d3dy5oYXVzLWFtLW11ZWhsZWJhY2guZGVcL3dwLWNvbnRlbnRcL3VwbG9hZHNcLzIwMjFcLzEyXC9EU0NfMDAyOS5qcGciLCJzbGlkZXNob3ciOiI1MjViNzBlIn0%3D\">\n\t\t\t\t\t<div class=\"e-gallery-image elementor-gallery-item__image\" data-thumbnail=\"https:\/\/www.haus-am-muehlebach.de\/wp-content\/uploads\/2021\/12\/DSC_0029.jpg\" data-width=\"886\" data-height=\"542\" aria-label=\"\" role=\"img\" ><\/div>\n\t\t\t\t\t\t\t\t\t\t\t\t\t\t<\/a>\n\t\t\t\t\t\t\t<a class=\"e-gallery-item elementor-gallery-item elementor-animated-content\" href=\"https:\/\/www.haus-am-muehlebach.de\/wp-content\/uploads\/2021\/11\/DSC_0011.jpg\" data-elementor-open-lightbox=\"yes\" data-elementor-lightbox-slideshow=\"525b70e\" data-elementor-lightbox-title=\"DSC_0011\" data-e-action-hash=\"#elementor-action%3Aaction%3Dlightbox%26settings%3DeyJpZCI6MTkyMiwidXJsIjoiaHR0cHM6XC9cL3d3dy5oYXVzLWFtLW11ZWhsZWJhY2guZGVcL3dwLWNvbnRlbnRcL3VwbG9hZHNcLzIwMjFcLzExXC9EU0NfMDAxMS5qcGciLCJzbGlkZXNob3ciOiI1MjViNzBlIn0%3D\">\n\t\t\t\t\t<div class=\"e-gallery-image elementor-gallery-item__image\" data-thumbnail=\"https:\/\/www.haus-am-muehlebach.de\/wp-content\/uploads\/2021\/11\/DSC_0011.jpg\" data-width=\"886\" data-height=\"591\" aria-label=\"\" role=\"img\" ><\/div>\n\t\t\t\t\t\t\t\t\t\t\t\t\t\t<\/a>\n\t\t\t\t\t\t\t<a class=\"e-gallery-item elementor-gallery-item elementor-animated-content\" href=\"https:\/\/www.haus-am-muehlebach.de\/wp-content\/uploads\/2021\/11\/DSC_0023.jpg\" data-elementor-open-lightbox=\"yes\" data-elementor-lightbox-slideshow=\"525b70e\" data-elementor-lightbox-title=\"DSC_0023\" data-e-action-hash=\"#elementor-action%3Aaction%3Dlightbox%26settings%3DeyJpZCI6MTkyNCwidXJsIjoiaHR0cHM6XC9cL3d3dy5oYXVzLWFtLW11ZWhsZWJhY2guZGVcL3dwLWNvbnRlbnRcL3VwbG9hZHNcLzIwMjFcLzExXC9EU0NfMDAyMy5qcGciLCJzbGlkZXNob3ciOiI1MjViNzBlIn0%3D\">\n\t\t\t\t\t<div class=\"e-gallery-image elementor-gallery-item__image\" data-thumbnail=\"https:\/\/www.haus-am-muehlebach.de\/wp-content\/uploads\/2021\/11\/DSC_0023.jpg\" data-width=\"871\" data-height=\"1016\" aria-label=\"\" role=\"img\" ><\/div>\n\t\t\t\t\t\t\t\t\t\t\t\t\t\t<\/a>\n\t\t\t\t\t<\/div>\n\t\t\t\t\t<\/div>\n\t\t\t\t<\/div>\n\t\t\t\t\t<\/div>\n\t\t<\/div>\n\t\t\t\t\t<\/div>\n\t\t<\/section>\n\t\t\t\t<\/div>\n\t\t","protected":false},"excerpt":{"rendered":"<p>\u201eWir tanzen\u00a0f\u00fcr eine Welt frei von Unterdr\u00fcckung, frei von sexueller Gewalt, frei von jeglicher Gewalt!\u201c mit\u00a0dem\u00a0Projekt\u00a0der M\u00e4dchentanzwerkstatt vom SBBZ Haus am M\u00fchlebach.\u00a0 Mit dem Projekt \u201eWir sind stark\u201c, dass sich in das Projekt \u201eFair und Cool\u201c weiterentwickelt hat, ist die \u201eM\u00e4dchentanzwerkstatt\u201c von SBBZ Haus am M\u00fchlebach im Landkreis Konstanz \u2013 und dar\u00fcber hinaus \u2013 unterwegs. [&hellip;]<\/p>\n","protected":false},"author":1,"featured_media":1954,"comment_status":"open","ping_status":"open","sticky":false,"template":"","format":"standard","meta":{"footnotes":""},"categories":[10,11],"tags":[],"class_list":["post-1933","post","type-post","status-publish","format-standard","has-post-thumbnail","hentry","category-aktuelles","category-spenden"],"_links":{"self":[{"href":"https:\/\/www.haus-am-muehlebach.de\/index.php\/wp-json\/wp\/v2\/posts\/1933","targetHints":{"allow":["GET"]}}],"collection":[{"href":"https:\/\/www.haus-am-muehlebach.de\/index.php\/wp-json\/wp\/v2\/posts"}],"about":[{"href":"https:\/\/www.haus-am-muehlebach.de\/index.php\/wp-json\/wp\/v2\/types\/post"}],"author":[{"embeddable":true,"href":"https:\/\/www.haus-am-muehlebach.de\/index.php\/wp-json\/wp\/v2\/users\/1"}],"replies":[{"embeddable":true,"href":"https:\/\/www.haus-am-muehlebach.de\/index.php\/wp-json\/wp\/v2\/comments?post=1933"}],"version-history":[{"count":10,"href":"https:\/\/www.haus-am-muehlebach.de\/index.php\/wp-json\/wp\/v2\/posts\/1933\/revisions"}],"predecessor-version":[{"id":1953,"href":"https:\/\/www.haus-am-muehlebach.de\/index.php\/wp-json\/wp\/v2\/posts\/1933\/revisions\/1953"}],"wp:featuredmedia":[{"embeddable":true,"href":"https:\/\/www.haus-am-muehlebach.de\/index.php\/wp-json\/wp\/v2\/media\/1954"}],"wp:attachment":[{"href":"https:\/\/www.haus-am-muehlebach.de\/index.php\/wp-json\/wp\/v2\/media?parent=1933"}],"wp:term":[{"taxonomy":"category","embeddable":true,"href":"https:\/\/www.haus-am-muehlebach.de\/index.php\/wp-json\/wp\/v2\/categories?post=1933"},{"taxonomy":"post_tag","embeddable":true,"href":"https:\/\/www.haus-am-muehlebach.de\/index.php\/wp-json\/wp\/v2\/tags?post=1933"}],"curies":[{"name":"wp","href":"https:\/\/api.w.org\/{rel}","templated":true}]}}