{"id":835,"date":"2020-07-04T07:00:14","date_gmt":"2020-07-04T07:00:14","guid":{"rendered":"https:\/\/dev.haus-am-muehlebach.de\/?p=835"},"modified":"2023-03-15T10:43:34","modified_gmt":"2023-03-15T10:43:34","slug":"schenken-sie-unseren-kindern-und-jugendlichen-urlaubsfreude","status":"publish","type":"post","link":"https:\/\/www.haus-am-muehlebach.de\/index.php\/2020\/07\/04\/schenken-sie-unseren-kindern-und-jugendlichen-urlaubsfreude\/","title":{"rendered":"Schenken Sie unseren Kindern und Jugendlichen Urlaubsfreude"},"content":{"rendered":"\t\t<div data-elementor-type=\"wp-post\" data-elementor-id=\"835\" class=\"elementor elementor-835\" data-elementor-post-type=\"post\">\n\t\t\t\t\t\t<section class=\"elementor-section elementor-top-section elementor-element elementor-element-44a1bb79 elementor-section-boxed elementor-section-height-default elementor-section-height-default\" data-id=\"44a1bb79\" data-element_type=\"section\">\n\t\t\t\t\t\t<div class=\"elementor-container elementor-column-gap-default\">\n\t\t\t\t\t<div class=\"elementor-column elementor-col-100 elementor-top-column elementor-element elementor-element-36f92e9b\" data-id=\"36f92e9b\" data-element_type=\"column\">\n\t\t\t<div class=\"elementor-widget-wrap elementor-element-populated\">\n\t\t\t\t\t\t<div class=\"elementor-element elementor-element-47560c1e elementor-widget elementor-widget-text-editor\" data-id=\"47560c1e\" data-element_type=\"widget\" data-widget_type=\"text-editor.default\">\n\t\t\t\t<div class=\"elementor-widget-container\">\n\t\t\t\t\t\t\t\t\t\n<p>Im Internat von unserem Haus am M\u00fchlebach leben im Augenblick 37 Sch\u00fclerInnen. F\u00fcr die Meisten unserer Kinder und Jugendlichen stellt das Haus am M\u00fchlebach das Zuhause dar, da eine R\u00fcckkehr in die Familie aus verschiedensten Gr\u00fcnden nicht m\u00f6glich ist.<\/p>\n\n<p>Besonders f\u00fcr diese Kinder und Jugendlichen, aber auch f\u00fcr diejenigen, die zur Entlastung der Familien die Ferien teilweise in der Einrichtung verbringen, ist es wichtig, zur Abwechslung eine entspannte Zeit in einer anderen Umgebung verbringen zu k\u00f6nnen, z.B. in den Bergen oder am See, wo ganz andere Erfahrungen und Naturerlebnisse m\u00f6glich sind. Die gro\u00dfen Ferien sind eigentlich f\u00fcr jedes Kind die sch\u00f6nste Zeit im Jahr. Keine Schule, keine Hausaufgaben, sonnige Tage und Urlaub mit der Familie.\u00a0<\/p>\n\n<p><strong>Endlich Sommerferien!<br \/><\/strong>Viele der bei uns lebenden Kinder hatten allerdings bisher keinen Grund, sich auf die Sommerferien zu freuen. Wenn es am Notwendigsten fehlt, ist an Urlaub gar nicht zu denken. Viele unserer Kinder und Jugendlichen erleben bei uns im Haus am M\u00fchlebach zum ersten Mal eine Ferienfahrt.<\/p>\n\n<p>Die Abwechslung zwischen Abenteuer und ruhigen Momenten und das Entdecken einer neuen Umgebung sind sehr gut f\u00fcr unsere Kinder und Jugendlichen. In der Gruppe mit anderen, die sich oft nicht sehr gut kennen, wird gelernt, sich zu behaupten, aber auch auf andere einzugehen und sich als Teil der Gemeinschaft zu f\u00fchlen. Altersgem\u00e4\u00df wird Verantwortung f\u00fcr die gemeinsamen Aufgaben wie Essen machen und aufr\u00e4umen \u00fcbernommen. Je nach Alter und Entwicklungsstand werden die rund 40 Kinder und Jugendlichen in verschiedene Gruppen eingeteilt. W\u00e4hrend der Ferienfreizeit in einfachen Unterk\u00fcnften, nicht allzu weit vom Haus am M\u00fchlebach entfernt, werden die Sch\u00fclerInnen von p\u00e4dagogischen Fachkr\u00e4ften des Hauses betreut.\u00a0<\/p>\n\n<p>In den Sommerferien organisieren wir allj\u00e4hrlich f\u00fcr unsere Kinder und Jugendlichen auf deren individuellen Bed\u00fcrfnisse zugeschnittene Freizeiten. Die Freizeiten haben eine Dauer zwischen acht und zehn Tagen. W\u00e4hrend der Ferienfreizeit werden sie von p\u00e4dagogischen Fachkr\u00e4ften und Therapeuten betreut.\u00a0<\/p>\n\n<p><strong>Die Kosten<br \/><\/strong>Zu den Personalkosten kommen die zus\u00e4tzlich entstehenden Kosten f\u00fcr Unterbringung, Transport, Verpflegung und Freizeitaktivit\u00e4ten hinzu, diese werden nur zu einem sehr geringen Teil \u00f6ffentlich gef\u00f6rdert. V\u00f6llig barrierefreie Unterk\u00fcnfte sind nur schwer zu finden und entsprechend anspruchsvoller bez\u00fcglich der Finanzierung.<\/p>\n\t\t\t\t\t\t\t\t<\/div>\n\t\t\t\t<\/div>\n\t\t\t\t\t<\/div>\n\t\t<\/div>\n\t\t\t\t\t<\/div>\n\t\t<\/section>\n\t\t\t\t<\/div>\n\t\t","protected":false},"excerpt":{"rendered":"<p>Im Internat von unserem Haus am M\u00fchlebach leben im Augenblick 37 Sch\u00fclerInnen. F\u00fcr die Meisten unserer Kinder und Jugendlichen stellt das Haus am M\u00fchlebach das Zuhause dar, da eine R\u00fcckkehr in die Familie aus verschiedensten Gr\u00fcnden nicht m\u00f6glich ist. Besonders f\u00fcr diese Kinder und Jugendlichen, aber auch f\u00fcr diejenigen, die zur Entlastung der Familien die [&hellip;]<\/p>\n","protected":false},"author":1,"featured_media":844,"comment_status":"open","ping_status":"open","sticky":false,"template":"","format":"standard","meta":{"footnotes":""},"categories":[11],"tags":[],"class_list":["post-835","post","type-post","status-publish","format-standard","has-post-thumbnail","hentry","category-spenden"],"_links":{"self":[{"href":"https:\/\/www.haus-am-muehlebach.de\/index.php\/wp-json\/wp\/v2\/posts\/835","targetHints":{"allow":["GET"]}}],"collection":[{"href":"https:\/\/www.haus-am-muehlebach.de\/index.php\/wp-json\/wp\/v2\/posts"}],"about":[{"href":"https:\/\/www.haus-am-muehlebach.de\/index.php\/wp-json\/wp\/v2\/types\/post"}],"author":[{"embeddable":true,"href":"https:\/\/www.haus-am-muehlebach.de\/index.php\/wp-json\/wp\/v2\/users\/1"}],"replies":[{"embeddable":true,"href":"https:\/\/www.haus-am-muehlebach.de\/index.php\/wp-json\/wp\/v2\/comments?post=835"}],"version-history":[{"count":4,"href":"https:\/\/www.haus-am-muehlebach.de\/index.php\/wp-json\/wp\/v2\/posts\/835\/revisions"}],"predecessor-version":[{"id":2731,"href":"https:\/\/www.haus-am-muehlebach.de\/index.php\/wp-json\/wp\/v2\/posts\/835\/revisions\/2731"}],"wp:featuredmedia":[{"embeddable":true,"href":"https:\/\/www.haus-am-muehlebach.de\/index.php\/wp-json\/wp\/v2\/media\/844"}],"wp:attachment":[{"href":"https:\/\/www.haus-am-muehlebach.de\/index.php\/wp-json\/wp\/v2\/media?parent=835"}],"wp:term":[{"taxonomy":"category","embeddable":true,"href":"https:\/\/www.haus-am-muehlebach.de\/index.php\/wp-json\/wp\/v2\/categories?post=835"},{"taxonomy":"post_tag","embeddable":true,"href":"https:\/\/www.haus-am-muehlebach.de\/index.php\/wp-json\/wp\/v2\/tags?post=835"}],"curies":[{"name":"wp","href":"https:\/\/api.w.org\/{rel}","templated":true}]}}